{"id":5353,"date":"2024-09-11T18:05:23","date_gmt":"2024-09-11T16:05:23","guid":{"rendered":"https:\/\/e-okulistyka.pl\/?p=5353"},"modified":"2024-09-11T18:05:23","modified_gmt":"2024-09-11T16:05:23","slug":"okulistyka-s-c-lider-w-leczeniu-amd-w-wojewodztwie-lubelskim","status":"publish","type":"post","link":"https:\/\/testtest.dfirma.pl\/index.php\/2024\/09\/11\/okulistyka-s-c-lider-w-leczeniu-amd-w-wojewodztwie-lubelskim\/","title":{"rendered":"OKULISTYKA S.C. \u2013 Lider w Leczeniu AMD w Wojew\u00f3dztwie Lubelskim"},"content":{"rendered":"<p>[vc_row][vc_column][vc_column_text]Cieszymy si\u0119, \u017ce mo\u017cemy podzieli\u0107 si\u0119 z Wami wyj\u0105tkow\u0105 informacj\u0105 \u2013 OKULISTYKA S.C. zdoby\u0142a drugie miejsce w wojew\u00f3dztwie lubelskim pod k\u0105tem aktywnej grupy Pacjent\u00f3w leczonych w ramach programu lekowego AMD (zwyrodnienie plamki zwi\u0105zane z wiekiem).<!--more--><\/p>\n<p>To osi\u0105gni\u0119cie jest dowodem na nasz\u0105 konsekwencj\u0119, zaanga\u017cowanie i profesjonalne podej\u015bcie do leczenia tej wymagaj\u0105cej choroby oczu.<\/p>\n<p>AMD (zwyrodnienie plamki \u017c\u00f3\u0142tej) to powa\u017cne schorzenie, kt\u00f3re dotyka g\u0142\u00f3wnie osoby starsze i mo\u017ce prowadzi\u0107 do znacznej utraty wzroku. Dzi\u0119ki nowoczesnym programom lekowym i ci\u0105g\u0142emu rozwojowi technologii, mamy szans\u0119 skutecznie zahamowa\u0107 post\u0119p choroby i poprawi\u0107 jako\u015b\u0107 \u017cycia Pacjent\u00f3w. W\u0142a\u015bnie w tym celu, od lat, w naszej plac\u00f3wce wdra\u017camy innowacyjne terapie, aby zapewni\u0107 najlepsze rezultaty leczenia.<\/p>\n<p>Nasze drugie miejsce w regionie to wynik pracy ca\u0142ego zespo\u0142u \u2013 lekarzy, piel\u0119gniarek oraz specjalist\u00f3w, kt\u00f3rzy ka\u017cdego dnia dbaj\u0105 o komfort i zdrowie Pacjent\u00f3w. Obserwujemy dynamiczny wzrost liczby os\u00f3b zmagaj\u0105cych si\u0119 z AMD, dlatego kluczowe jest zapewnienie dost\u0119pu do skutecznych metod leczenia. W OKULISTYKA S.C. stale podnosimy standardy opieki, a ka\u017cdy Pacjent jest dla nas priorytetem.<\/p>\n<p>Dzi\u0119kujemy wszystkim naszym Pacjentom za zaufanie oraz wyb\u00f3r naszej plac\u00f3wki. Jeste\u015bmy dumni, \u017ce mo\u017cemy wsp\u00f3\u0142tworzy\u0107 znacz\u0105ce zmiany w leczeniu AMD na terenie wojew\u00f3dztwa lubelskiego. Nasz sukces to r\u00f3wnie\u017c motywacja do dalszego rozwoju, aby nieustannie dostarcza\u0107 nowoczesne rozwi\u0105zania, kt\u00f3re pomog\u0105 walczy\u0107 o lepszy wzrok.<\/p>\n<p>Zapraszamy do \u015bledzenia naszych kolejnych osi\u0105gni\u0119\u0107 i zach\u0119camy do regularnych wizyt w naszej plac\u00f3wce \u2013 profilaktyka i szybka reakcja to klucz do sukcesu w walce z AMD.<\/p>\n<p>&nbsp;<\/p>\n<p>[\/vc_column_text][\/vc_column][\/vc_row][vc_row][vc_column][vc_empty_space][vc_line_chart style=&#8221;modern&#8221; x_values=&#8221;&#8221; values=&#8221;%5B%7B%22title%22%3A%22Uniwersytecki%20Szpital%20Kliniczny%20nr1%20w%20Lublinie%22%2C%22y_values%22%3A%22433%22%2C%22color%22%3A%22grey%22%7D%2C%7B%22title%22%3A%22OKULISTYKA%20S.C.%20Bychawa%2FLublin%2FTomasz%C3%B3w%20Lubelski%22%2C%22y_values%22%3A%22375%22%2C%22color%22%3A%22green%22%7D%2C%7B%22title%22%3A%22O%C5%9Brodek%20Chirurgii%20Oka%20Prof.%20Z.%20Zag%C3%B3rskiego%20Sp%C3%B3%C5%82ka%20Z%20O.O.%20%22%2C%22y_values%22%3A%22236%22%2C%22color%22%3A%22grey%22%2C%22custom_color%22%3A%22%236ab165%22%7D%5D&#8221; title=&#8221;Liczba aktywnie leczonych w woj. lubelskim na dzie\u0144 01-07-2024&#8243;][\/vc_column][\/vc_row][vc_row][vc_column][vc_empty_space][vc_single_image image=&#8221;5361&#8243; img_size=&#8221;large&#8221; alignment=&#8221;center&#8221; onclick=&#8221;link_image&#8221; title=&#8221;Liczba aktywnych Pacjent\u00f3w w OKULISTYKA S.C.&#8221;]<\/p>\n<p>[\/vc_single_image][\/vc_column][\/vc_row]<\/p>\n","protected":false},"excerpt":{"rendered":"<p>[vc_row][vc_column][vc_column_text]Cieszymy si\u0119, \u017ce mo\u017cemy podzieli\u0107 si\u0119 z Wami wyj\u0105tkow\u0105 informacj\u0105 \u2013 OKULISTYKA S.C. zdoby\u0142a drugie miejsce w wojew\u00f3dztwie lubelskim pod k\u0105tem aktywnej grupy Pacjent\u00f3w leczonych w ramach programu lekowego AMD (zwyrodnienie plamki zwi\u0105zane z wiekiem).<\/p>\n","protected":false},"author":1,"featured_media":5356,"comment_status":"closed","ping_status":"closed","sticky":false,"template":"","format":"standard","meta":{"footnotes":""},"categories":[3,9],"tags":[],"class_list":["post-5353","post","type-post","status-publish","format-standard","has-post-thumbnail","hentry","category-amd","category-iniekcje"],"_links":{"self":[{"href":"https:\/\/testtest.dfirma.pl\/index.php\/wp-json\/wp\/v2\/posts\/5353","targetHints":{"allow":["GET"]}}],"collection":[{"href":"https:\/\/testtest.dfirma.pl\/index.php\/wp-json\/wp\/v2\/posts"}],"about":[{"href":"https:\/\/testtest.dfirma.pl\/index.php\/wp-json\/wp\/v2\/types\/post"}],"author":[{"embeddable":true,"href":"https:\/\/testtest.dfirma.pl\/index.php\/wp-json\/wp\/v2\/users\/1"}],"replies":[{"embeddable":true,"href":"https:\/\/testtest.dfirma.pl\/index.php\/wp-json\/wp\/v2\/comments?post=5353"}],"version-history":[{"count":0,"href":"https:\/\/testtest.dfirma.pl\/index.php\/wp-json\/wp\/v2\/posts\/5353\/revisions"}],"wp:featuredmedia":[{"embeddable":true,"href":"https:\/\/testtest.dfirma.pl\/index.php\/wp-json\/wp\/v2\/media\/5356"}],"wp:attachment":[{"href":"https:\/\/testtest.dfirma.pl\/index.php\/wp-json\/wp\/v2\/media?parent=5353"}],"wp:term":[{"taxonomy":"category","embeddable":true,"href":"https:\/\/testtest.dfirma.pl\/index.php\/wp-json\/wp\/v2\/categories?post=5353"},{"taxonomy":"post_tag","embeddable":true,"href":"https:\/\/testtest.dfirma.pl\/index.php\/wp-json\/wp\/v2\/tags?post=5353"}],"curies":[{"name":"wp","href":"https:\/\/api.w.org\/{rel}","templated":true}]}}