{"id":4173,"date":"2023-01-09T18:51:30","date_gmt":"2023-01-09T17:51:30","guid":{"rendered":"https:\/\/e-okulistyka.pl\/?p=4173"},"modified":"2023-01-09T18:51:30","modified_gmt":"2023-01-09T17:51:30","slug":"konsultacje-okulistyczne","status":"publish","type":"post","link":"https:\/\/testtest.dfirma.pl\/index.php\/2023\/01\/09\/konsultacje-okulistyczne\/","title":{"rendered":"Konsultacje okulistyczne"},"content":{"rendered":"<p>[vc_row][vc_column][vc_custom_heading text=&#8221;Konsultacje okulistyczne w Poradni Okulistycznej Lublin ul. Rado\u015bci&#8221; use_theme_fonts=&#8221;yes&#8221; rs_decor_place=&#8221;2&#8243;][\/vc_custom_heading][vc_empty_space][\/vc_column][\/vc_row][vc_row][vc_column][vc_column_text]Prof. dr hab. n .med. Anna \u015awi\u0119ch uko\u0144czy\u0142a lubelsk\u0105 Akademi\u0119 Medyczn\u0105, odby\u0142a 4-ro letnie studia doktoranckie w Akademii Medycznej w Lublinie w dziedzinie biochemii. <!--more-->W 1995 roku uzyska\u0142a I stopie\u0144 specjalizacji w dziedzinie okulistyki, a w 1999 roku-II stopie\u0144 tej specjalizacji. Tytu\u0142 doktora nauk medycznych w zakresie biochemii uzyska\u0142a w 1997 roku na Akademii Medycznej w Lublinie. W latach 1996 i 1999 zda\u0142a mi\u0119dzynarodowe egzaminy z okulistyki organizowane przez Mi\u0119dzynarodow\u0105 Rad\u0119 Okulistyki (The International Assesment Test for Ophthalmologists). Tytu\u0142 doktora habilitowanego uzyska\u0142a na lubelskim Uniwersytecie Medycznym w 2012 roku. W 2022 roku uzyska\u0142a tytu\u0142 profesora nauk medycznych i nauk o zdrowiu.<\/p>\n<p>[\/vc_column_text][\/vc_column][\/vc_row][vc_row][vc_column][vc_column_text]Prof. dr hab. n .med. Anna \u015awi\u0119ch odby\u0142a liczne sta\u017ce zagraniczne m. in. W Klinice Uniwersytetu w Erlangen-Norymberga, Niemcy, Oddziale Okulistycznym Szpitala Kr\u00f3la Edwarda w Windsorze, Wielka Brytania, a tak\u017ce we Francji.<\/p>\n<p>Jest autorem wielu prac naukowych, kt\u00f3re prezentowa\u0142a na wielu konferencjach mi\u0119dzynarodowych, mi\u0119dzy innymi w USA, Francji, Niemczech, W\u0142oszech, Hiszpanii, Wielkiej Brytanii, Australii.<\/p>\n<p>Prof. dr hab. n .med. Anna \u015awi\u0119ch jest przewodnicz\u0105c\u0105 lubelskiego oddzia\u0142u Polskiego Towarzystwa Okulistycznego oraz cz\u0142onkiem Og\u00f3lnopolskiego Zespo\u0142u Koordynacyjnego powo\u0142ywanego przez Prezesa NFZ celem kwalifikacji pacjent\u00f3w ze schorzeniami siatk\u00f3wki do terapii w ramach program\u00f3w lekowych.<\/p>\n<p>Prof. dr hab. n .med. Anna \u015awi\u0119ch jest cenionym ekspertem w zakresie diagnostyki i terapii chor\u00f3b siatk\u00f3wki takich jak zwyrodnienie siatk\u00f3wki zwi\u0105zane z wiekiem, retinopatia cukrzycowa, pozakrzepowa oraz inne schorzenia siatk\u00f3wki, dotycz\u0105ce pacjent\u00f3w w ka\u017cdym wieku. Wykonuje zabiegi laseroterapii siatk\u00f3wki oraz operacje usuni\u0119cia za\u0107my technik\u0105 fakoemulsyfikacji.<\/p>\n<p>Prof. A. \u015awi\u0119ch pos\u0142uguje si\u0119 biegle j\u0119zykiem angielskim i francuskim.[\/vc_column_text][\/vc_column][\/vc_row]<\/p>\n","protected":false},"excerpt":{"rendered":"<p>[vc_row][vc_column][vc_custom_heading text=&#8221;Konsultacje okulistyczne w Poradni Okulistycznej Lublin ul. Rado\u015bci&#8221; use_theme_fonts=&#8221;yes&#8221; rs_decor_place=&#8221;2&#8243;][\/vc_custom_heading][vc_empty_space][\/vc_column][\/vc_row][vc_row][vc_column][vc_column_text]Prof. dr hab. n .med. Anna \u015awi\u0119ch uko\u0144czy\u0142a lubelsk\u0105 Akademi\u0119 Medyczn\u0105, odby\u0142a 4-ro letnie studia doktoranckie w Akademii Medycznej w Lublinie w dziedzinie biochemii.<\/p>\n","protected":false},"author":1,"featured_media":4177,"comment_status":"closed","ping_status":"closed","sticky":false,"template":"","format":"standard","meta":{"footnotes":""},"categories":[15],"tags":[],"class_list":["post-4173","post","type-post","status-publish","format-standard","has-post-thumbnail","hentry","category-okulista"],"_links":{"self":[{"href":"https:\/\/testtest.dfirma.pl\/index.php\/wp-json\/wp\/v2\/posts\/4173","targetHints":{"allow":["GET"]}}],"collection":[{"href":"https:\/\/testtest.dfirma.pl\/index.php\/wp-json\/wp\/v2\/posts"}],"about":[{"href":"https:\/\/testtest.dfirma.pl\/index.php\/wp-json\/wp\/v2\/types\/post"}],"author":[{"embeddable":true,"href":"https:\/\/testtest.dfirma.pl\/index.php\/wp-json\/wp\/v2\/users\/1"}],"replies":[{"embeddable":true,"href":"https:\/\/testtest.dfirma.pl\/index.php\/wp-json\/wp\/v2\/comments?post=4173"}],"version-history":[{"count":0,"href":"https:\/\/testtest.dfirma.pl\/index.php\/wp-json\/wp\/v2\/posts\/4173\/revisions"}],"wp:featuredmedia":[{"embeddable":true,"href":"https:\/\/testtest.dfirma.pl\/index.php\/wp-json\/wp\/v2\/media\/4177"}],"wp:attachment":[{"href":"https:\/\/testtest.dfirma.pl\/index.php\/wp-json\/wp\/v2\/media?parent=4173"}],"wp:term":[{"taxonomy":"category","embeddable":true,"href":"https:\/\/testtest.dfirma.pl\/index.php\/wp-json\/wp\/v2\/categories?post=4173"},{"taxonomy":"post_tag","embeddable":true,"href":"https:\/\/testtest.dfirma.pl\/index.php\/wp-json\/wp\/v2\/tags?post=4173"}],"curies":[{"name":"wp","href":"https:\/\/api.w.org\/{rel}","templated":true}]}}